{"id":92,"date":"2017-01-24T21:40:47","date_gmt":"2017-01-24T21:40:47","guid":{"rendered":"http:\/\/www.avis3000.ro\/blog\/?p=92"},"modified":"2017-01-24T21:40:47","modified_gmt":"2017-01-24T21:40:47","slug":"oua-ochiuri-cu-usturoi-verde","status":"publish","type":"post","link":"https:\/\/www.avis3000.ro\/blog\/oua-ochiuri-cu-usturoi-verde\/","title":{"rendered":"Ou\u0103 ochiuri cu usturoi verde"},"content":{"rendered":"<div class=\"title\"><strong>Ingrediente<\/strong><\/div>\n<p><span class=\"secondary-ingredients\"><span class=\"ingredient\">\u00a0<span class=\"value gr\">2<\/span>\u00a0ou\u0103, piper\u00a0<span class=\"type details\">negru proasp\u0103t macinat<\/span><\/span>,\u00a0\u00a0<span class=\"ingredient\"><span class=\"value gr\">fulgi de<\/span>\u00a0ardei iute<\/span>,\u00a0\u00a0<span class=\"ingredient\"><span class=\"value gr\">1 legatur\u0103 de\u00a0<\/span>usturoi\u00a0<span class=\"type details\">verde, t\u0103iat m\u0103runt<\/span><\/span>,\u00a0\u00a0<span class=\"ingredient\"><span class=\"value gr\">1 lingur\u0103<\/span>\u00a0unt\u00a0<span class=\"type details\">nesarat<\/span><\/span>\u00a0<\/span><\/p>\n<p><strong>Metod\u0103 de preparare<\/strong><br \/>\n\u00cenc\u0103lze\u015fte untul \u00eentr-o tigaie de m\u0103rime medie, la foc tare, p\u00e2n\u0103 prinde o nuan\u0163\u0103 ar\u0103mie (aproximativ 3-5 minute). Adaug\u0103 usturoiul \u015fi ceap\u0103 t\u0103iate m\u0103runt \u015fi da focul la mediu. Amestec\u0103 p\u00e2n\u0103 ambele verde\u0163uri se caramelizeaz\u0103, 3-5 minute.\u00a0Sparge ou\u0103le \u015fi g\u0103te\u015fte-le \u00een aceea\u015fi tigaie. C\u00e2nd sunt gata, condimenteaz\u0103-le cu fulgi de ardei iute \u015fi piper negru.<\/p>\n<p>Sursa:\u00a0<a href=\"http:\/\/crepesofwrath.net\/2013\/05\/01\/spring-garlic-fried-eggs\/\" target=\"_blank\">crepesofwrath.net<\/a><\/p>\n","protected":false},"excerpt":{"rendered":"<p>Ingrediente \u00a02\u00a0ou\u0103, piper\u00a0negru proasp\u0103t macinat,\u00a0\u00a0fulgi de\u00a0ardei iute,\u00a0\u00a01 legatur\u0103 de\u00a0usturoi\u00a0verde, t\u0103iat m\u0103runt,\u00a0\u00a01 lingur\u0103\u00a0unt\u00a0nesarat\u00a0 Metod\u0103 de preparare \u00cenc\u0103lze\u015fte untul \u00eentr-o tigaie de m\u0103rime medie, la foc tare, p\u00e2n\u0103 prinde o nuan\u0163\u0103 ar\u0103mie (aproximativ 3-5 minute). Adaug\u0103 usturoiul \u015fi ceap\u0103 t\u0103iate m\u0103runt \u015fi da focul la mediu. Amestec\u0103 p\u00e2n\u0103 ambele verde\u0163uri se caramelizeaz\u0103, 3-5 minute.\u00a0Sparge ou\u0103le \u015fi g\u0103te\u015fte-le&#8230; <\/p>\n<div class=\"link-more\"><a href=\"https:\/\/www.avis3000.ro\/blog\/oua-ochiuri-cu-usturoi-verde\/\">Read More<\/a><\/div>\n","protected":false},"author":1,"featured_media":93,"comment_status":"open","ping_status":"open","sticky":false,"template":"","format":"standard","meta":[],"categories":[1],"tags":[],"_links":{"self":[{"href":"https:\/\/www.avis3000.ro\/blog\/wp-json\/wp\/v2\/posts\/92"}],"collection":[{"href":"https:\/\/www.avis3000.ro\/blog\/wp-json\/wp\/v2\/posts"}],"about":[{"href":"https:\/\/www.avis3000.ro\/blog\/wp-json\/wp\/v2\/types\/post"}],"author":[{"embeddable":true,"href":"https:\/\/www.avis3000.ro\/blog\/wp-json\/wp\/v2\/users\/1"}],"replies":[{"embeddable":true,"href":"https:\/\/www.avis3000.ro\/blog\/wp-json\/wp\/v2\/comments?post=92"}],"version-history":[{"count":1,"href":"https:\/\/www.avis3000.ro\/blog\/wp-json\/wp\/v2\/posts\/92\/revisions"}],"predecessor-version":[{"id":94,"href":"https:\/\/www.avis3000.ro\/blog\/wp-json\/wp\/v2\/posts\/92\/revisions\/94"}],"wp:featuredmedia":[{"embeddable":true,"href":"https:\/\/www.avis3000.ro\/blog\/wp-json\/wp\/v2\/media\/93"}],"wp:attachment":[{"href":"https:\/\/www.avis3000.ro\/blog\/wp-json\/wp\/v2\/media?parent=92"}],"wp:term":[{"taxonomy":"category","embeddable":true,"href":"https:\/\/www.avis3000.ro\/blog\/wp-json\/wp\/v2\/categories?post=92"},{"taxonomy":"post_tag","embeddable":true,"href":"https:\/\/www.avis3000.ro\/blog\/wp-json\/wp\/v2\/tags?post=92"}],"curies":[{"name":"wp","href":"https:\/\/api.w.org\/{rel}","templated":true}]}}